{"id":226,"date":"2020-07-02T17:20:07","date_gmt":"2020-07-02T15:20:07","guid":{"rendered":"https:\/\/degre6escalade.fr\/?p=226"},"modified":"2020-07-02T17:48:33","modified_gmt":"2020-07-02T15:48:33","slug":"grimpe-de-nouveau-autorisee-en-exterieur","status":"publish","type":"post","link":"https:\/\/degre6escalade.fr\/?p=226","title":{"rendered":"Grimpe de nouveau autoris\u00e9e en ext\u00e9rieur"},"content":{"rendered":"\n<p>Bonjour, <\/p>\n\n\n\n<p>Bonne nouvelle ! L\u2019association sportive nous a r\u00e9cemment fait savoir que les activit\u00e9s sportives relevant de ses sections et n\u2019ayant pas lieu dans l\u2019enceinte de l\u2019Universit\u00e9 pouvaient officiellement reprendre, dans la limite des r\u00e8gles sanitaires et des gestes barri\u00e8res (instructions gouvernementales ici:&nbsp;<a href=\"http:\/\/www.sports.gouv.fr\/IMG\/pdf\/sportsguidesportparsport_fiches-2.pdf\" target=\"_blank\" rel=\"noreferrer noopener\">http:\/\/www.sports.gouv.fr\/IMG\/pdf\/sportsguidesportparsport_fiches-2.pdf<\/a>). En particulier, il faut respecter la distanciation physique (2m au&nbsp;pied des voies et&nbsp;5m&nbsp;entre les voies) et un nombre limit\u00e9 \u00e0 10 participants pour toute sortie.<\/p>\n\n\n\n<p>Dans ces conditions, il est donc de nouveau possible d&#8217;organiser des sorties officielles en falaise et \u00e0 Fontainebleau (encadr\u00e9es par un responsable dipl\u00f4m\u00e9 SNE) et de proposer des sorties \u201centre amis\u201d (en ext\u00e9rieur ou en salle priv\u00e9e) via le\u00a0<a rel=\"noreferrer noopener\" href=\"https:\/\/degre6escalade.fr\/?page_id=21\" target=\"_blank\">forum<\/a> ! <\/p>\n\n\n\n<p>Nous rappelons \u00e9galement qu&#8217;en ce qui concerne les sorties falaises (sauf mention contraire) ne peuvent participer que les membres de l&#8217;AS ayant acquis\u00a0l&#8217;autonomie escalade en site naturel lors d&#8217;une formation aux techniques de cordes organis\u00e9e par la section ou un autre club, et que nous (encadrants dipl\u00f4m\u00e9s) aurions ensuite valid\u00e9s. Les sorties bloc sont moins contraignantes.\u00a0<\/p>\n\n\n\n<p>De mani\u00e8re g\u00e9n\u00e9rale, merci de veiller \u00e0 organiser le co-voiturage&nbsp;au mieux, avec une participation minimale de chaque co-voitureur&nbsp;de 5\u20ac au propri\u00e9taire de la voiture pour un AR \u00e0 Fontainebleau.<\/p>\n\n\n\n<p>La grimpe devrait ensuite&nbsp;reprendre normalement au gymnase Alice Millat selon les cr\u00e9neaux habituels du mardi et du jeudi \u00e0 partir de septembre 2020 !<\/p>\n\n\n\n<p>A tr\u00e8s vite !!!&nbsp;<\/p>\n\n\n\n<p>Les encadrants.<\/p>\n","protected":false},"excerpt":{"rendered":"<p>Bonjour, Bonne nouvelle ! L\u2019association sportive nous a r\u00e9cemment fait savoir que les activit\u00e9s sportives relevant de ses sections et n\u2019ayant pas lieu dans l\u2019enceinte de l\u2019Universit\u00e9 pouvaient officiellement reprendre, dans la limite des r\u00e8gles sanitaires et des gestes barri\u00e8res (instructions gouvernementales ici:&nbsp;http:\/\/www.sports.gouv.fr\/IMG\/pdf\/sportsguidesportparsport_fiches-2.pdf). En particulier, il faut respecter la distanciation physique (2m au&nbsp;pied des voies et&nbsp;5m&nbsp;entre les voies) et un nombre limit\u00e9 \u00e0 10 participants pour toute sortie. Dans ces conditions, il est donc de nouveau possible d&#8217;organiser des sorties&#8230;<\/p>\n<p class=\"read-more\"><a class=\"btn btn-default\" href=\"https:\/\/degre6escalade.fr\/?p=226\">Lire la suite<span class=\"screen-reader-text\"> Lire la suite<\/span><\/a><\/p>\n","protected":false},"author":3,"featured_media":0,"comment_status":"closed","ping_status":"closed","sticky":false,"template":"","format":"standard","meta":{"_bbp_topic_count":0,"_bbp_reply_count":0,"_bbp_total_topic_count":0,"_bbp_total_reply_count":0,"_bbp_voice_count":0,"_bbp_anonymous_reply_count":0,"_bbp_topic_count_hidden":0,"_bbp_reply_count_hidden":0,"_bbp_forum_subforum_count":0},"categories":[1],"tags":[],"_links":{"self":[{"href":"https:\/\/degre6escalade.fr\/index.php?rest_route=\/wp\/v2\/posts\/226"}],"collection":[{"href":"https:\/\/degre6escalade.fr\/index.php?rest_route=\/wp\/v2\/posts"}],"about":[{"href":"https:\/\/degre6escalade.fr\/index.php?rest_route=\/wp\/v2\/types\/post"}],"author":[{"embeddable":true,"href":"https:\/\/degre6escalade.fr\/index.php?rest_route=\/wp\/v2\/users\/3"}],"replies":[{"embeddable":true,"href":"https:\/\/degre6escalade.fr\/index.php?rest_route=%2Fwp%2Fv2%2Fcomments&post=226"}],"version-history":[{"count":2,"href":"https:\/\/degre6escalade.fr\/index.php?rest_route=\/wp\/v2\/posts\/226\/revisions"}],"predecessor-version":[{"id":228,"href":"https:\/\/degre6escalade.fr\/index.php?rest_route=\/wp\/v2\/posts\/226\/revisions\/228"}],"wp:attachment":[{"href":"https:\/\/degre6escalade.fr\/index.php?rest_route=%2Fwp%2Fv2%2Fmedia&parent=226"}],"wp:term":[{"taxonomy":"category","embeddable":true,"href":"https:\/\/degre6escalade.fr\/index.php?rest_route=%2Fwp%2Fv2%2Fcategories&post=226"},{"taxonomy":"post_tag","embeddable":true,"href":"https:\/\/degre6escalade.fr\/index.php?rest_route=%2Fwp%2Fv2%2Ftags&post=226"}],"curies":[{"name":"wp","href":"https:\/\/api.w.org\/{rel}","templated":true}]}}