{"id":70,"date":"2020-03-05T00:30:52","date_gmt":"2020-03-04T23:30:52","guid":{"rendered":"http:\/\/degre6escalade.fr\/?p=70"},"modified":"2020-03-13T16:34:14","modified_gmt":"2020-03-13T15:34:14","slug":"rentree-2019-2020","status":"publish","type":"post","link":"https:\/\/degre6escalade.fr\/?p=70","title":{"rendered":"RENTR\u00c9E 2019-2020"},"content":{"rendered":"\n<p>Bonjour \u00e0 tous,<\/p>\n\n\n\n<p>Pour grimper avec nous en mur ou pour participer \u00e0 nos sorties en milieu naturel, il faut vous inscrire le plus rapidement possible \u00e0 l\u2019ASSU. L\u2019ensemble des d\u00e9marches \u00e0 accomplir sont expliqu\u00e9es sur&nbsp;<a href=\"https:\/\/www.facebook.com\/AS.SorbonneU.Sces.Inge.Med\/\">sa page Facebook<\/a>.<\/p>\n\n\n\n<p>Il faut donc&nbsp;:<\/p>\n\n\n\n<p>1) se rendre sur&nbsp;<a href=\"https:\/\/auth.sorbonne-universite.fr\/cas\/\/login?service=https%3A%2F%2Fas.upmc.fr%2Fgestion%2Flogin_cas.php\">cette page<\/a><\/p>\n\n\n\n<p>2) choisir&nbsp;<strong>Etudiant<\/strong>&nbsp;\/&nbsp;<strong>Personnel<\/strong>&nbsp;\/&nbsp;<strong>Ext\u00e9rieur<\/strong>&nbsp;en fonction de votre cas<\/p>\n\n\n\n<p>3) si ce n\u2019est pas encore fait, importer sur votre profil votre photo et un certificat m\u00e9dical mentionnant votre aptitude \u00e0 la pratique de l\u2019escalade (en comp\u00e9tition, si n\u00e9cessaire), num\u00e9ris\u00e9s proprement au format \u00ab .jpg \u00bb<\/p>\n\n\n\n<p>4) Allez dans&nbsp;<strong>Espace Perso \u2013&gt; Adh\u00e9sion \u2013&gt; Ajouter des sports \u2013&gt; AS \u2013&gt; Sports individuels<\/strong><\/p>\n\n\n\n<p>5) S\u00e9lectionner&nbsp;<strong>Escalade tous niveaux \u2013 loisir<\/strong>&nbsp;et (si vous le souhaitez)&nbsp;<strong>Escalade tous niveaux \u2013 comp\u00e9tition<\/strong>&nbsp;(pour les \u00e9tudiants uniquement)<\/p>\n\n\n\n<p>6) Se rendre au bureau de l\u2019AS \u00e0 Jussieu avec les documents n\u00e9cessaires : carte d\u2019\u00e9tudiant ou membre du personnel de l\u2019ann\u00e9e en cours, certificat m\u00e9dical, photo, ch\u00e8que (dont le montant est d\u00e9taill\u00e9 ci-dessous).<\/p>\n\n\n\n<p>Pour la connexion les \u00e9tudiants et personnels du campus Pierre et Marie Curie peuvent utiliser leur compte de l\u2019universit\u00e9. Les personnes venant d\u2019\u00e9tablissements conventionn\u00e9s doivent d\u00e9j\u00e0 voir avec leur \u00e9tablissement puis se rendre au bureau de l\u2019ASSU.<\/p>\n\n\n\n<p>En cas de probl\u00e8mes ou de cas particulier, n\u2019h\u00e9sitez pas \u00e0 nous joindre sur notre adresse mail&nbsp;:&nbsp;<a href=\"http:\/\/web.archive.org\/web\/20180831112303\/mailto:asdegre6@gmail.com\">asdegre6@gmail.com<\/a><\/p>\n\n\n\n<p><em><strong>Pour les grimpeurs exp\u00e9riment\u00e9s :<\/strong><\/em><\/p>\n\n\n\n<ul><li>Si vous avez grimp\u00e9 avec nous l\u2019ann\u00e9e pr\u00e9c\u00e9dente, vous \u00eates autonome.<\/li><li>Si vous \u00eates nouveau \u00e0 la section, un des encadrants de la section v\u00e9rifiera que vous ma\u00eetrisez les techniques de base de l\u2019escalade et de l\u2019assurage, avant de vous d\u00e9clarer autonomes sur le mur.<\/li><li><strong>Les v\u00e9rifications commencent \u00e0 partir du&nbsp;mardi&nbsp;26\/09\/2019&nbsp;et du&nbsp;jeudi&nbsp;28\/09\/2019. On vous recommande tr\u00e8s fortement de venir d\u00e8s cette semaine l\u00e0&nbsp;!!<\/strong>&nbsp;En effet, en cas de besoin on pourra vous aiguiller vers un compl\u00e9ment de formation, ce qui ne sera plus possible si vous arrivez les semaines suivantes.&nbsp;<strong>On rappelle qu\u2019apr\u00e8s les s\u00e9ances de formation, seules les personnes totalement autonomes peuvent grimper sur les cr\u00e9neaux.<\/strong><\/li><\/ul>\n\n\n\n<p><em><strong>Pour les grimpeurs d\u00e9butants :<\/strong><\/em><\/p>\n\n\n\n<ul><li>Lors de votre inscription \u00e0 l\u2019ASSU,&nbsp;<strong>vous devez vous inscrire \u00e0 un cycle d\u2019initiation \u00e0 faire en totalit\u00e9<\/strong>.<\/li><li>Durant 4 s\u00e9ances, nous vous apprendrons les rudiments de l\u2019escalade en mur, pour pratiquer en toute s\u00e9curit\u00e9. Tant que ces 4 s\u00e9ances ne sont pas nomm\u00e9ment valid\u00e9es par un encadrant de la section, vous ne pouvez pas grimper en autonomie.<\/li><li>Une fois cette formation valid\u00e9e, vous pourrez venir grimper r\u00e9guli\u00e8rement et librement avec les membres plus exp\u00e9riment\u00e9s. Nous contr\u00f4lerons tout de m\u00eame que tout se passe bien.<\/li><li><strong>Dates des formations :&nbsp;les mardis 26 septembre, 3, 10 et 17&nbsp;octobre 2019&nbsp;ou&nbsp;&nbsp;les&nbsp;jeudi 28 septembre, 5, 12&nbsp;et 19&nbsp;octobre 2019<\/strong><\/li><\/ul>\n\n\n\n<p><em><strong>Pour tout le monde&nbsp;:<\/strong><\/em><\/p>\n\n\n\n<ul><li><strong>Une premi\u00e8re sortie sur les blocs de la for\u00eat de Fontainebleau sera organis\u00e9e d\u00e9but octobre<\/strong>. Elle est ouverte aux d\u00e9butants comme aux grimpeurs tr\u00e8s exp\u00e9riment\u00e9s. On vous tiendra rapidement au courant.<\/li><\/ul>\n\n\n\n<p><\/p>\n","protected":false},"excerpt":{"rendered":"<p>Bonjour \u00e0 tous, Pour grimper avec nous en mur ou pour participer \u00e0 nos sorties en milieu naturel, il faut vous inscrire le plus rapidement possible \u00e0 l\u2019ASSU. L\u2019ensemble des d\u00e9marches \u00e0 accomplir sont expliqu\u00e9es sur&nbsp;sa page Facebook. Il faut donc&nbsp;: 1) se rendre sur&nbsp;cette page 2) choisir&nbsp;Etudiant&nbsp;\/&nbsp;Personnel&nbsp;\/&nbsp;Ext\u00e9rieur&nbsp;en fonction de votre cas 3) si ce n\u2019est pas encore fait, importer sur votre profil votre photo et un certificat m\u00e9dical mentionnant votre aptitude \u00e0 la pratique de l\u2019escalade (en comp\u00e9tition, si&#8230;<\/p>\n<p class=\"read-more\"><a class=\"btn btn-default\" href=\"https:\/\/degre6escalade.fr\/?p=70\">Lire la suite<span class=\"screen-reader-text\"> Lire la suite<\/span><\/a><\/p>\n","protected":false},"author":1,"featured_media":0,"comment_status":"closed","ping_status":"closed","sticky":false,"template":"","format":"standard","meta":{"_bbp_topic_count":0,"_bbp_reply_count":0,"_bbp_total_topic_count":0,"_bbp_total_reply_count":0,"_bbp_voice_count":0,"_bbp_anonymous_reply_count":0,"_bbp_topic_count_hidden":0,"_bbp_reply_count_hidden":0,"_bbp_forum_subforum_count":0},"categories":[1],"tags":[],"_links":{"self":[{"href":"https:\/\/degre6escalade.fr\/index.php?rest_route=\/wp\/v2\/posts\/70"}],"collection":[{"href":"https:\/\/degre6escalade.fr\/index.php?rest_route=\/wp\/v2\/posts"}],"about":[{"href":"https:\/\/degre6escalade.fr\/index.php?rest_route=\/wp\/v2\/types\/post"}],"author":[{"embeddable":true,"href":"https:\/\/degre6escalade.fr\/index.php?rest_route=\/wp\/v2\/users\/1"}],"replies":[{"embeddable":true,"href":"https:\/\/degre6escalade.fr\/index.php?rest_route=%2Fwp%2Fv2%2Fcomments&post=70"}],"version-history":[{"count":8,"href":"https:\/\/degre6escalade.fr\/index.php?rest_route=\/wp\/v2\/posts\/70\/revisions"}],"predecessor-version":[{"id":206,"href":"https:\/\/degre6escalade.fr\/index.php?rest_route=\/wp\/v2\/posts\/70\/revisions\/206"}],"wp:attachment":[{"href":"https:\/\/degre6escalade.fr\/index.php?rest_route=%2Fwp%2Fv2%2Fmedia&parent=70"}],"wp:term":[{"taxonomy":"category","embeddable":true,"href":"https:\/\/degre6escalade.fr\/index.php?rest_route=%2Fwp%2Fv2%2Fcategories&post=70"},{"taxonomy":"post_tag","embeddable":true,"href":"https:\/\/degre6escalade.fr\/index.php?rest_route=%2Fwp%2Fv2%2Ftags&post=70"}],"curies":[{"name":"wp","href":"https:\/\/api.w.org\/{rel}","templated":true}]}}